{"id":18446,"date":"2025-05-29T09:35:58","date_gmt":"2025-05-29T07:35:58","guid":{"rendered":"https:\/\/www.triviho.com\/?p=18446"},"modified":"2025-05-29T09:38:48","modified_gmt":"2025-05-29T07:38:48","slug":"29-giugno-roma-in-festa-per-i-suoi-santi-patroni","status":"publish","type":"post","link":"https:\/\/www.triviho.com\/it\/blog\/29-giugno-roma-in-festa-per-i-suoi-santi-patroni\/","title":{"rendered":"29 giugno: Roma in festa per i suoi santi patroni"},"content":{"rendered":"<p><img decoding=\"async\" class=\"alignnone size-full\" src=\"https:\/\/www.triviho.com\/wp-content\/uploads\/2025\/05\/Girandola800x600.jpg\" alt=\"La Girandola di Castel Sant\u2019Angelo\" \/><br \/>\n<em>La Girandola di Castel Sant\u2019Angelo<\/em><\/p>\n<h2 class=\"descrizione\">Tutti gli appuntamenti della solennit\u00e0 che inaugura l\u2019estate romana<\/h2>\n<p>Per la Capitale, il <strong>29 giugno<\/strong> \u00e8 molto pi\u00f9 di una semplice data sul calendario: \u00e8 la giornata dedicata ai <strong>santi Pietro e Paolo<\/strong>, patroni della citt\u00e0. Una festa particolarmente sentita dai romani, in cui <strong>sacro e profano<\/strong> si intrecciano in una serie di <strong>eventi<\/strong> che animano il centro storico, tra celebrazioni liturgiche, tradizioni artistiche e spettacoli pirotecnici. Un appuntamento che ogni anno attira migliaia di <strong>fedeli e turisti<\/strong> da tutto il mondo.<\/p>\n<p>La ricorrenza affonda le sue radici nella <strong>storia cristiana<\/strong>: secondo la tradizione, <strong>Pietro<\/strong>, primo papa e simbolo della Chiesa universale, e <strong>Paolo<\/strong>, l\u2019instancabile evangelizzatore, subirono il <strong>martirio<\/strong> durante le persecuzioni di Nerone, proprio il <strong>29 giugno<\/strong> del<strong> 67 d.C.<\/strong> Da allora, la loro memoria vive nei riti, nei luoghi e nell\u2019identit\u00e0 stessa della citt\u00e0.<\/p>\n<p>La giornata si apre con uno dei momenti pi\u00f9 solenni: la <strong>Messa papale<\/strong> nella <strong>Basilica di San Pietro<\/strong>, durante la quale il neoeletto Pontefice, <strong>Leone XIV<\/strong>, benedir\u00e0 i sacri <strong>palli<\/strong>, i paramenti liturgici, sancendo il legame tra il papa e gli arcivescovi metropoliti. Un rito antichissimo, carico di significato spirituale. Celebrazioni parallele si terranno anche nella <strong>Basilica di San Paolo fuori le Mura<\/strong>, altro luogo chiave della cristianit\u00e0 romana.<\/p>\n<p>Nel frattempo, difronte all\u2019ingresso del Vaticano, <strong>Piazza Pio XII<\/strong> e<strong> via della Conciliazione<\/strong> si trasformano in un tappeto floreale di oltre <strong>3.000 mq<\/strong>: si tratta dell\u2019<strong>Infiorata Storica<\/strong>, organizzata dalla <em>Pro Loco Roma Capital<\/em>e e realizzata da maestri infioratori provenienti da tutta Italia. Petali, trucioli, sabbie colorate e spezie compongono immagini sacre e motivi ornamentali, dando vita a un\u2019<strong>opera d\u2019arte effimera<\/strong> che incanta chiunque, per poche, gradevoli ore.<\/p>\n<p>La festa continua nel resto della citt\u00e0. In varie zone del centro si svolgono mercatini artigianali, eventi di piazza e percorsi tematici. Tra questi spicca il \u201c<strong>Quo Vadis?<\/strong>\u201d, un cammino che tocca i principali luoghi legati alla presenza dei due apostoli nella Capitale.<\/p>\n<p>Per il gran finale, l\u2019appuntamento \u00e8 alle <strong>21:30<\/strong> con l\u2019annuale <strong>Girandola<\/strong> di <strong>Castel Sant\u2019Angelo<\/strong>: uno <strong>spettacolo pirotecnico<\/strong> mozzafiato, ispirato a un progetto di Michelangelo e reso celebre da Bernini nel Seicento. Dalla fortezza, i fuochi d\u2019artificio illuminano il cielo e si riflettono sul Tevere, regalando una delle immagini pi\u00f9 suggestive dell\u2019estate romana.<\/p>\n<p>Oltre a <strong>Ponte Sant\u2019Angelo<\/strong>, i punti migliori per assistere allo show sono il <strong>Lungotevere<\/strong> e le numerose <strong>terrazze panoramiche<\/strong> della citt\u00e0. Un\u2019esplosione di luci, colori e meraviglia per chiudere una delle giornate pi\u00f9 iconiche del calendario romano, tra spiritualit\u00e0, arte e meraviglia.<\/p>\n<h3>TriviHo \u2013 Luxury Hotel: una vista esclusiva sulla Citt\u00e0 Eterna<\/h3>\n<p><em>Comfort, relax e un panorama mozzafiato per vivere la citt\u00e0 da protagonista<\/em><\/p>\n<p>Chi vuole vivere l\u2019esperienza del 29 giugno tra comfort e stile trover\u00e0 in <em><strong>TriviHo \u2013 Luxury Hotel<\/strong><\/em> l\u2019indirizzo giusto. Situato in<strong> via Barberini 50<\/strong>, nel cuore della citt\u00e0, <em>TriviHo<\/em> \u00e8 un <strong>design boutique hotel<\/strong> per soggiorni esclusivi.<\/p>\n<p>Le <strong>camere<\/strong>, moderne e curate, uniscono l\u2019estetica alla funzionalit\u00e0. Ma il vero punto di forza \u00e8 <em><strong>TH Roof<\/strong><\/em>, la <strong>terrazza panoramica<\/strong> da cui si pu\u00f2 godere una delle migliori viste sulla Capitale: dal Vittoriano a San Pietro, sorvolando il Pantheon e l\u2019intero centro storico. Un\u2019occasione unica anche per godersi la Girandola da una <strong>prospettiva privilegiata<\/strong>.<\/p>\n<p>Per l\u2019occasione, lo <strong>staff<\/strong> dell\u2019hotel \u00e8 a disposizione per suggerire <strong>itinerari su misura<\/strong> e fornire informazioni aggiornate sugli eventi in programma il prossimo 29 giugno.<\/p>\n<h3>Come muoversi a Roma il 29 giugno<\/h3>\n<p><em>Consigli pratici per scoprire la citt\u00e0 tra eventi e celebrazioni<\/em><\/p>\n<p>Durante le celebrazioni del <strong>29 giugno<\/strong>, il centro citt\u00e0 pu\u00f2 essere soggetto a <strong>restrizioni al traffico<\/strong>, soprattutto nell\u2019area tra il Vaticano, il Lungotevere e Castel Sant\u2019Angelo.<\/p>\n<p>Il modo pi\u00f9 semplice per spostarsi \u00e8 la <strong>metropolitana<\/strong>: la <strong>fermata Barberini<\/strong> (Linea A), a pochi passi da <em>TriviHo<\/em>, collega rapidamente ai principali luoghi dell\u2019evento. Anche <strong>Piazza di Spagna<\/strong>, raggiungibile in pochi minuti, \u00e8 un ottimo punto di partenza.<\/p>\n<p>Per i pi\u00f9 sportivi sar\u00e0 un piacere muoversi <strong>a piedi<\/strong> per il centro di Roma, tra monumenti, musei e negozi. In alternativa, i <strong>taxi<\/strong> e le <strong>app di mobilit\u00e0 urbana<\/strong> sono un\u2019opzione valida, soprattutto in serata.<\/p>\n<p>Partecipare alla <strong>festa patronale<\/strong> della Capitale significa immergersi in una Roma che si racconta attraverso i suoi santi, la sua arte, i suoi riti. Un\u2019<strong>esperienza imperdibile<\/strong>, che diventa speciale se vissuta da protagonisti, con tutti i comfort e il fascino di un\u2019accoglienza d\u2019eccellenza.<\/p>\n<p>Vivi la Capitale in festa con un soggiorno esclusivo da <em><strong>TriviHo \u2013 Luxury Hotel<\/strong><\/em>. Prenota oggi stesso su <a href=\"https:\/\/www.triviho.com\/it\/\"><strong>triviho.com<\/strong><\/a>.<\/p>\n","protected":false},"excerpt":{"rendered":"<p>La Girandola di Castel Sant\u2019Angelo Tutti gli appuntamenti della solennit\u00e0 che inaugura l\u2019estate romana Per la Capitale, il 29 giugno \u00e8 molto pi\u00f9 di una semplice data sul calendario: \u00e8 la giornata dedicata ai santi Pietro e Paolo, patroni della citt\u00e0. Una festa particolarmente sentita dai romani, in cui sacro e profano si intrecciano in<\/p>\n<a href=\"https:\/\/www.triviho.com\/it\/blog\/29-giugno-roma-in-festa-per-i-suoi-santi-patroni\/\" class=\"sohohotel-more-link\">Read More<i class=\"fa fa-angle-right\"><\/i><\/a>","protected":false},"author":2,"featured_media":18447,"comment_status":"closed","ping_status":"closed","sticky":false,"template":"","format":"standard","meta":{"footnotes":""},"categories":[69,63],"tags":[],"class_list":["post-18446","post","type-post","status-publish","format-standard","has-post-thumbnail","hentry","category-blog","category-curiosita"],"yoast_head":"<!-- This site is optimized with the Yoast SEO plugin v28.4 - https:\/\/yoast.com\/product\/yoast-seo-wordpress\/ -->\n<title>29 giugno: Roma in festa per i suoi santi patroni - TriviHo - Design Hotel Rome<\/title>\n<meta name=\"description\" content=\"Tutti gli appuntamenti della solennit\u00e0 che inaugura l\u2019estate romana\" \/>\n<meta name=\"robots\" content=\"index, follow, max-snippet:-1, max-image-preview:large, max-video-preview:-1\" \/>\n<link rel=\"canonical\" href=\"https:\/\/www.triviho.com\/it\/blog\/29-giugno-roma-in-festa-per-i-suoi-santi-patroni\/\" \/>\n<meta property=\"og:locale\" content=\"it_IT\" \/>\n<meta property=\"og:type\" content=\"article\" \/>\n<meta property=\"og:title\" content=\"29 giugno: Roma in festa per i suoi santi patroni - TriviHo - Design Hotel Rome\" \/>\n<meta property=\"og:description\" content=\"Tutti gli appuntamenti della solennit\u00e0 che inaugura l\u2019estate romana\" \/>\n<meta property=\"og:url\" content=\"https:\/\/www.triviho.com\/it\/blog\/29-giugno-roma-in-festa-per-i-suoi-santi-patroni\/\" \/>\n<meta property=\"og:site_name\" content=\"TriviHo - Design Hotel Rome\" \/>\n<meta property=\"article:publisher\" content=\"https:\/\/www.facebook.com\/hoteltriviho\" \/>\n<meta property=\"article:published_time\" content=\"2025-05-29T07:35:58+00:00\" \/>\n<meta property=\"article:modified_time\" content=\"2025-05-29T07:38:48+00:00\" \/>\n<meta property=\"og:image\" content=\"https:\/\/www.triviho.com\/wp-content\/uploads\/2025\/05\/Girandola800x600.jpg\" \/>\n\t<meta property=\"og:image:width\" content=\"800\" \/>\n\t<meta property=\"og:image:height\" content=\"600\" \/>\n\t<meta property=\"og:image:type\" content=\"image\/jpeg\" \/>\n<meta name=\"author\" content=\"supporto\" \/>\n<meta name=\"twitter:card\" content=\"summary_large_image\" \/>\n<meta name=\"twitter:label1\" content=\"Scritto da\" \/>\n\t<meta name=\"twitter:data1\" content=\"supporto\" \/>\n\t<meta name=\"twitter:label2\" content=\"Tempo di lettura stimato\" \/>\n\t<meta name=\"twitter:data2\" content=\"4 minuti\" \/>\n<script type=\"application\/ld+json\" class=\"yoast-schema-graph\">{\"@context\":\"https:\\\/\\\/schema.org\",\"@graph\":[{\"@type\":\"Article\",\"@id\":\"https:\\\/\\\/www.triviho.com\\\/it\\\/blog\\\/29-giugno-roma-in-festa-per-i-suoi-santi-patroni\\\/#article\",\"isPartOf\":{\"@id\":\"https:\\\/\\\/www.triviho.com\\\/it\\\/blog\\\/29-giugno-roma-in-festa-per-i-suoi-santi-patroni\\\/\"},\"author\":{\"name\":\"supporto\",\"@id\":\"https:\\\/\\\/www.triviho.com\\\/#\\\/schema\\\/person\\\/1698367bbf4e4f089a8d484c627945f3\"},\"headline\":\"29 giugno: Roma in festa per i suoi santi patroni\",\"datePublished\":\"2025-05-29T07:35:58+00:00\",\"dateModified\":\"2025-05-29T07:38:48+00:00\",\"mainEntityOfPage\":{\"@id\":\"https:\\\/\\\/www.triviho.com\\\/it\\\/blog\\\/29-giugno-roma-in-festa-per-i-suoi-santi-patroni\\\/\"},\"wordCount\":752,\"image\":{\"@id\":\"https:\\\/\\\/www.triviho.com\\\/it\\\/blog\\\/29-giugno-roma-in-festa-per-i-suoi-santi-patroni\\\/#primaryimage\"},\"thumbnailUrl\":\"https:\\\/\\\/www.triviho.com\\\/wp-content\\\/uploads\\\/2025\\\/05\\\/Girandola800x600.jpg\",\"articleSection\":[\"Blog\",\"Curiosit\u00e0\"],\"inLanguage\":\"it-IT\"},{\"@type\":\"WebPage\",\"@id\":\"https:\\\/\\\/www.triviho.com\\\/it\\\/blog\\\/29-giugno-roma-in-festa-per-i-suoi-santi-patroni\\\/\",\"url\":\"https:\\\/\\\/www.triviho.com\\\/it\\\/blog\\\/29-giugno-roma-in-festa-per-i-suoi-santi-patroni\\\/\",\"name\":\"29 giugno: Roma in festa per i suoi santi patroni - TriviHo - Design Hotel Rome\",\"isPartOf\":{\"@id\":\"https:\\\/\\\/www.triviho.com\\\/#website\"},\"primaryImageOfPage\":{\"@id\":\"https:\\\/\\\/www.triviho.com\\\/it\\\/blog\\\/29-giugno-roma-in-festa-per-i-suoi-santi-patroni\\\/#primaryimage\"},\"image\":{\"@id\":\"https:\\\/\\\/www.triviho.com\\\/it\\\/blog\\\/29-giugno-roma-in-festa-per-i-suoi-santi-patroni\\\/#primaryimage\"},\"thumbnailUrl\":\"https:\\\/\\\/www.triviho.com\\\/wp-content\\\/uploads\\\/2025\\\/05\\\/Girandola800x600.jpg\",\"datePublished\":\"2025-05-29T07:35:58+00:00\",\"dateModified\":\"2025-05-29T07:38:48+00:00\",\"author\":{\"@id\":\"https:\\\/\\\/www.triviho.com\\\/#\\\/schema\\\/person\\\/1698367bbf4e4f089a8d484c627945f3\"},\"description\":\"Tutti gli appuntamenti della solennit\u00e0 che inaugura l\u2019estate romana\",\"breadcrumb\":{\"@id\":\"https:\\\/\\\/www.triviho.com\\\/it\\\/blog\\\/29-giugno-roma-in-festa-per-i-suoi-santi-patroni\\\/#breadcrumb\"},\"inLanguage\":\"it-IT\",\"potentialAction\":[{\"@type\":\"ReadAction\",\"target\":[\"https:\\\/\\\/www.triviho.com\\\/it\\\/blog\\\/29-giugno-roma-in-festa-per-i-suoi-santi-patroni\\\/\"]}]},{\"@type\":\"ImageObject\",\"inLanguage\":\"it-IT\",\"@id\":\"https:\\\/\\\/www.triviho.com\\\/it\\\/blog\\\/29-giugno-roma-in-festa-per-i-suoi-santi-patroni\\\/#primaryimage\",\"url\":\"https:\\\/\\\/www.triviho.com\\\/wp-content\\\/uploads\\\/2025\\\/05\\\/Girandola800x600.jpg\",\"contentUrl\":\"https:\\\/\\\/www.triviho.com\\\/wp-content\\\/uploads\\\/2025\\\/05\\\/Girandola800x600.jpg\",\"width\":800,\"height\":600},{\"@type\":\"BreadcrumbList\",\"@id\":\"https:\\\/\\\/www.triviho.com\\\/it\\\/blog\\\/29-giugno-roma-in-festa-per-i-suoi-santi-patroni\\\/#breadcrumb\",\"itemListElement\":[{\"@type\":\"ListItem\",\"position\":1,\"name\":\"Home\",\"item\":\"https:\\\/\\\/www.triviho.com\\\/it\\\/\"},{\"@type\":\"ListItem\",\"position\":2,\"name\":\"29 giugno: Roma in festa per i suoi santi patroni\"}]},{\"@type\":\"WebSite\",\"@id\":\"https:\\\/\\\/www.triviho.com\\\/#website\",\"url\":\"https:\\\/\\\/www.triviho.com\\\/\",\"name\":\"TriviHo - Design Hotel Rome\",\"description\":\"Rooms &amp; Suites in a luxury hotel in Rome city center\",\"potentialAction\":[{\"@type\":\"SearchAction\",\"target\":{\"@type\":\"EntryPoint\",\"urlTemplate\":\"https:\\\/\\\/www.triviho.com\\\/?s={search_term_string}\"},\"query-input\":{\"@type\":\"PropertyValueSpecification\",\"valueRequired\":true,\"valueName\":\"search_term_string\"}}],\"inLanguage\":\"it-IT\"},{\"@type\":\"Person\",\"@id\":\"https:\\\/\\\/www.triviho.com\\\/#\\\/schema\\\/person\\\/1698367bbf4e4f089a8d484c627945f3\",\"name\":\"supporto\",\"url\":\"https:\\\/\\\/www.triviho.com\\\/it\\\/author\\\/supporto\\\/\"}]}<\/script>\n<!-- \/ Yoast SEO plugin. -->","yoast_head_json":{"title":"29 giugno: Roma in festa per i suoi santi patroni - TriviHo - Design Hotel Rome","description":"Tutti gli appuntamenti della solennit\u00e0 che inaugura l\u2019estate romana","robots":{"index":"index","follow":"follow","max-snippet":"max-snippet:-1","max-image-preview":"max-image-preview:large","max-video-preview":"max-video-preview:-1"},"canonical":"https:\/\/www.triviho.com\/it\/blog\/29-giugno-roma-in-festa-per-i-suoi-santi-patroni\/","og_locale":"it_IT","og_type":"article","og_title":"29 giugno: Roma in festa per i suoi santi patroni - TriviHo - Design Hotel Rome","og_description":"Tutti gli appuntamenti della solennit\u00e0 che inaugura l\u2019estate romana","og_url":"https:\/\/www.triviho.com\/it\/blog\/29-giugno-roma-in-festa-per-i-suoi-santi-patroni\/","og_site_name":"TriviHo - Design Hotel Rome","article_publisher":"https:\/\/www.facebook.com\/hoteltriviho","article_published_time":"2025-05-29T07:35:58+00:00","article_modified_time":"2025-05-29T07:38:48+00:00","og_image":[{"width":800,"height":600,"url":"https:\/\/www.triviho.com\/wp-content\/uploads\/2025\/05\/Girandola800x600.jpg","type":"image\/jpeg"}],"author":"supporto","twitter_card":"summary_large_image","twitter_misc":{"Scritto da":"supporto","Tempo di lettura stimato":"4 minuti"},"schema":{"@context":"https:\/\/schema.org","@graph":[{"@type":"Article","@id":"https:\/\/www.triviho.com\/it\/blog\/29-giugno-roma-in-festa-per-i-suoi-santi-patroni\/#article","isPartOf":{"@id":"https:\/\/www.triviho.com\/it\/blog\/29-giugno-roma-in-festa-per-i-suoi-santi-patroni\/"},"author":{"name":"supporto","@id":"https:\/\/www.triviho.com\/#\/schema\/person\/1698367bbf4e4f089a8d484c627945f3"},"headline":"29 giugno: Roma in festa per i suoi santi patroni","datePublished":"2025-05-29T07:35:58+00:00","dateModified":"2025-05-29T07:38:48+00:00","mainEntityOfPage":{"@id":"https:\/\/www.triviho.com\/it\/blog\/29-giugno-roma-in-festa-per-i-suoi-santi-patroni\/"},"wordCount":752,"image":{"@id":"https:\/\/www.triviho.com\/it\/blog\/29-giugno-roma-in-festa-per-i-suoi-santi-patroni\/#primaryimage"},"thumbnailUrl":"https:\/\/www.triviho.com\/wp-content\/uploads\/2025\/05\/Girandola800x600.jpg","articleSection":["Blog","Curiosit\u00e0"],"inLanguage":"it-IT"},{"@type":"WebPage","@id":"https:\/\/www.triviho.com\/it\/blog\/29-giugno-roma-in-festa-per-i-suoi-santi-patroni\/","url":"https:\/\/www.triviho.com\/it\/blog\/29-giugno-roma-in-festa-per-i-suoi-santi-patroni\/","name":"29 giugno: Roma in festa per i suoi santi patroni - TriviHo - Design Hotel Rome","isPartOf":{"@id":"https:\/\/www.triviho.com\/#website"},"primaryImageOfPage":{"@id":"https:\/\/www.triviho.com\/it\/blog\/29-giugno-roma-in-festa-per-i-suoi-santi-patroni\/#primaryimage"},"image":{"@id":"https:\/\/www.triviho.com\/it\/blog\/29-giugno-roma-in-festa-per-i-suoi-santi-patroni\/#primaryimage"},"thumbnailUrl":"https:\/\/www.triviho.com\/wp-content\/uploads\/2025\/05\/Girandola800x600.jpg","datePublished":"2025-05-29T07:35:58+00:00","dateModified":"2025-05-29T07:38:48+00:00","author":{"@id":"https:\/\/www.triviho.com\/#\/schema\/person\/1698367bbf4e4f089a8d484c627945f3"},"description":"Tutti gli appuntamenti della solennit\u00e0 che inaugura l\u2019estate romana","breadcrumb":{"@id":"https:\/\/www.triviho.com\/it\/blog\/29-giugno-roma-in-festa-per-i-suoi-santi-patroni\/#breadcrumb"},"inLanguage":"it-IT","potentialAction":[{"@type":"ReadAction","target":["https:\/\/www.triviho.com\/it\/blog\/29-giugno-roma-in-festa-per-i-suoi-santi-patroni\/"]}]},{"@type":"ImageObject","inLanguage":"it-IT","@id":"https:\/\/www.triviho.com\/it\/blog\/29-giugno-roma-in-festa-per-i-suoi-santi-patroni\/#primaryimage","url":"https:\/\/www.triviho.com\/wp-content\/uploads\/2025\/05\/Girandola800x600.jpg","contentUrl":"https:\/\/www.triviho.com\/wp-content\/uploads\/2025\/05\/Girandola800x600.jpg","width":800,"height":600},{"@type":"BreadcrumbList","@id":"https:\/\/www.triviho.com\/it\/blog\/29-giugno-roma-in-festa-per-i-suoi-santi-patroni\/#breadcrumb","itemListElement":[{"@type":"ListItem","position":1,"name":"Home","item":"https:\/\/www.triviho.com\/it\/"},{"@type":"ListItem","position":2,"name":"29 giugno: Roma in festa per i suoi santi patroni"}]},{"@type":"WebSite","@id":"https:\/\/www.triviho.com\/#website","url":"https:\/\/www.triviho.com\/","name":"TriviHo - Design Hotel Rome","description":"Rooms &amp; Suites in a luxury hotel in Rome city center","potentialAction":[{"@type":"SearchAction","target":{"@type":"EntryPoint","urlTemplate":"https:\/\/www.triviho.com\/?s={search_term_string}"},"query-input":{"@type":"PropertyValueSpecification","valueRequired":true,"valueName":"search_term_string"}}],"inLanguage":"it-IT"},{"@type":"Person","@id":"https:\/\/www.triviho.com\/#\/schema\/person\/1698367bbf4e4f089a8d484c627945f3","name":"supporto","url":"https:\/\/www.triviho.com\/it\/author\/supporto\/"}]}},"_links":{"self":[{"href":"https:\/\/www.triviho.com\/it\/wp-json\/wp\/v2\/posts\/18446","targetHints":{"allow":["GET"]}}],"collection":[{"href":"https:\/\/www.triviho.com\/it\/wp-json\/wp\/v2\/posts"}],"about":[{"href":"https:\/\/www.triviho.com\/it\/wp-json\/wp\/v2\/types\/post"}],"author":[{"embeddable":true,"href":"https:\/\/www.triviho.com\/it\/wp-json\/wp\/v2\/users\/2"}],"replies":[{"embeddable":true,"href":"https:\/\/www.triviho.com\/it\/wp-json\/wp\/v2\/comments?post=18446"}],"version-history":[{"count":3,"href":"https:\/\/www.triviho.com\/it\/wp-json\/wp\/v2\/posts\/18446\/revisions"}],"predecessor-version":[{"id":18454,"href":"https:\/\/www.triviho.com\/it\/wp-json\/wp\/v2\/posts\/18446\/revisions\/18454"}],"wp:featuredmedia":[{"embeddable":true,"href":"https:\/\/www.triviho.com\/it\/wp-json\/wp\/v2\/media\/18447"}],"wp:attachment":[{"href":"https:\/\/www.triviho.com\/it\/wp-json\/wp\/v2\/media?parent=18446"}],"wp:term":[{"taxonomy":"category","embeddable":true,"href":"https:\/\/www.triviho.com\/it\/wp-json\/wp\/v2\/categories?post=18446"},{"taxonomy":"post_tag","embeddable":true,"href":"https:\/\/www.triviho.com\/it\/wp-json\/wp\/v2\/tags?post=18446"}],"curies":[{"name":"wp","href":"https:\/\/api.w.org\/{rel}","templated":true}]}}