{"id":18618,"date":"2025-06-26T09:54:29","date_gmt":"2025-06-26T07:54:29","guid":{"rendered":"https:\/\/www.triviho.com\/?p=18618"},"modified":"2025-06-26T10:38:10","modified_gmt":"2025-06-26T08:38:10","slug":"lirica-destate-la-traviata-rivive-al-caracalla-festival-2025","status":"publish","type":"post","link":"https:\/\/www.triviho.com\/it\/blog\/lirica-destate-la-traviata-rivive-al-caracalla-festival-2025\/","title":{"rendered":"Lirica d\u2019estate: La Traviata rivive al Caracalla Festival 2025"},"content":{"rendered":"<p><img decoding=\"async\" class=\"alignnone size-full\" src=\"https:\/\/www.triviho.com\/wp-content\/uploads\/2025\/06\/Terme-di-Carcalla-800x600-1.jpg\" alt=\"Terme di Caracalla, Roma\" \/><br \/>\n<em>Terme di Caracalla, Roma<\/em><\/p>\n<h2 class=\"descrizione\">Il capolavoro verdiano torna a emozionare alle Terme di Caracalla<\/h2>\n<p>Sotto il cielo stellato di Roma, le monumentali <strong>Terme di Caracalla<\/strong> si preparano ad accogliere uno degli eventi pi\u00f9 attesi dell\u2019estate 2025: <strong><em>La Traviata<\/em> di Giuseppe Verdi<\/strong>. Il celebre melodramma in <strong>tre atti<\/strong>, ispirato al romanzo <em>La signora delle camelie<\/em> di Alexandre Dumas figlio e musicato su libretto di Francesco Maria Piave, sar\u00e0 protagonista del <em><strong>Caracalla Festival<\/strong><\/em>, la rassegna estiva del <strong>Teatro dell\u2019Opera di Roma<\/strong> che ogni anno unisce lirica, danza e musica sinfonica in uno degli scenari archeologici pi\u00f9 straordinari al mondo.<\/p>\n<p>\u00abCostruendo la proposta artistica del Festival \u2014 ha dichiarato\u00a0<strong>Damiano Michieletto<\/strong> \u2014 ho voluto tenere particolarmente in conto la contingenza che vive la Citt\u00e0 di Roma nell\u2019anno del <strong>Giubileo<\/strong>, dialogando con questo speciale appuntamento\u00bb. Non a caso, il <strong>titolo<\/strong> scelto per questa <strong>edizione<\/strong> \u00e8 proprio \u201c<strong>Tra sacro e umano<\/strong>\u201d: una chiave di lettura che attraversa l\u2019intero cartellone.<\/p>\n<p>Accanto al capolavoro verdiano, il programma comprende tre nuove produzioni, tutte ispirate ai temi della <strong>spiritualit\u00e0<\/strong> e della <strong>redenzione<\/strong>: <em>La Resurrezione<\/em> di H\u00e4ndel, <em>Don Giovanni<\/em> di Mozart e <em>West Side Story<\/em> di Leonard Bernstein. A firmarle sono tre registi della <em><strong>nouvelle vague<\/strong><\/em> \u2014 Ilaria Lanzino, Vasily Barkhatov e lo stesso Michieletto \u2014 che sta ridefinendo il linguaggio della scena lirica e musicale contemporanea a livello europeo.<\/p>\n<p>Un\u2019importante novit\u00e0 logistica arricchisce l\u2019edizione di quest\u2019anno: la <strong>Basilica di Massenzio<\/strong> affiancher\u00e0, per la prima volta, le Terme imperiali come sede di spettacoli. Un <strong>secondo palcoscenico<\/strong> \u2014 pi\u00f9 raccolto, ma fortemente evocativo \u2014 che amplia gli orizzonti del Festival e ne moltiplica le possibilit\u00e0 espressive.<\/p>\n<p>Tornando a <em><strong>La Traviata<\/strong><\/em>, la nuova e audace interpretazione debutter\u00e0 il <strong>19 luglio<\/strong>, con repliche il <strong>23<\/strong> e <strong>27 luglio<\/strong>, e poi l\u2019<strong>1<\/strong>, <strong>2<\/strong> e <strong>3 agosto<\/strong>. Tutti gli spettacoli avranno inizio alle ore <strong>21:00<\/strong>. La direzione musicale \u00e8 affidata a <strong>Francesco Lanzillotta<\/strong>, mentre la regia \u00e8 dell\u2019artista slovacca <strong>Sl\u00e1va Daubnerov\u00e1<\/strong>, che mixa sapientemente rigore drammaturgico e immaginazione visiva.<\/p>\n<p>Nei panni della fragile e intensa Violetta Val\u00e9ry si alterneranno i soprani <strong>Corinne Winters<\/strong> (luglio) e <strong>Hasmik Torosyan<\/strong> (agosto), mentre i tenori <strong>Piotr Buszewski<\/strong> e <strong>Oreste Cosimo<\/strong> interpreteranno Alfredo Germont. Completano il cast il Coro del Teatro dell\u2019Opera, diretto da <strong>Ciro Visco<\/strong>, e il Corpo di Ballo guidato da <strong>Eleonora Abbagnato<\/strong>, con coreografie di <strong>Ermanno Sbezzo<\/strong>.<\/p>\n<p>La trama, nota e amata in tutto il mondo, ruota attorno a <strong>Violetta<\/strong>, giovane cortigiana parigina che rinuncia ad una vita mondana e sregolata per amore di <strong>Alfredo<\/strong>. Ma la felicit\u00e0 \u00e8 effimera: il padre di lui la convince a lasciarlo per non compromettere l\u2019onore della famiglia. Violetta, straziata, accetta e si congeda con una struggente lettera d\u2019addio.<\/p>\n<p>Nell\u2019aria \u201c<strong>Amami, Alfredo<\/strong>\u201d \u2014 simbolo della lirica italiana nel mondo \u2014 la protagonista esprime un amore puro e disperato, prima del congedo definitivo. Alfredo, ignaro, la insulta pubblicamente. Solo pi\u00f9 tardi, una volta scoperta la verit\u00e0, torner\u00e0 da lei. Ma \u00e8 troppo tardi: Violetta, consumata dalla malattia, \u00e8 ormai vicina alla fine.<\/p>\n<p>I biglietti per La Traviata sono disponibili su <a href=\"https:\/\/www.ticketone.it\/\"><strong>TicketOne<\/strong><\/a>, a partire da <strong>25\u20ac<\/strong>. La durata dello spettacolo \u00e8 di circa <strong>tre ore<\/strong>. Per aggiornamenti e informazioni ufficiali, si consiglia di consultare il sito <a href=\"https:\/\/www.operaroma.it\/\"><strong>operaroma.it<\/strong><\/a>.<\/p>\n<h3><em>Hotel TriviHo<\/em>: il tuo soggiorno di lusso nel cuore di Roma<\/h3>\n<p><em>Scopri l\u2019ospitalit\u00e0 del nostro design &amp; art hotel in via Barberini<\/em><\/p>\n<p>Per chi desidera unire il fascino dell\u2019opera a un soggiorno esclusivo, <strong>TriviHo<\/strong> in <strong>via Barberini 50<\/strong> rappresenta una scelta ideale. A due passi dall\u2019omonima piazza, da via Veneto e dalla Fontana di Trevi, il nostro <strong>luxury boutique hotel<\/strong> coniuga l\u2019eleganza della tradizione italiana con il comfort contemporaneo, offrendo agli ospiti un rifugio di charme nel cuore della Capitale.<\/p>\n<p>Le camere, arredate con cura tra <strong>design moderno<\/strong> e <strong>pezzi d\u2019antiquariato<\/strong>, sono pensate per accogliere viaggiatori amanti della bellezza: coppie in cerca di romanticismo, appassionati d\u2019arte e, perch\u00e9 no, melomani in visita a Roma. La <strong>posizione centrale<\/strong> dell\u2019hotel consente di scoprire il meglio della citt\u00e0: dalle boutique d\u2019alta moda ai caff\u00e8 storici, dai musei alle terrazze panoramiche. Con <em><strong>TriviHo \u2013 Luxury Hotel Rome<\/strong><\/em>, ogni esperienza \u00e8 davvero a portata di <strong>passeggiata<\/strong>.<\/p>\n<p>A rendere il soggiorno ancora pi\u00f9 piacevole, uno <strong>staff<\/strong> attento e dedicato, sempre pronto a suggerire itinerari personalizzati, ristoranti di qualit\u00e0 e, naturalmente, a facilitare la partecipazione agli eventi pi\u00f9 esclusivi dell\u2019estate romana \u2014 come <em><strong>La Traviata<\/strong><\/em> alle <strong>Terme di Caracalla<\/strong>.<\/p>\n<h3>Da <em>TriviHo<\/em> alle Terme di Caracalla<\/h3>\n<p><em>Come spostarsi in centro a Roma per La Traviata<\/em><\/p>\n<p>Raggiungere le <strong>Terme di Caracalla<\/strong> da <em><strong>TriviHo<\/strong><\/em> \u00e8 facile e veloce, anche per chi visita Roma per la prima volta.<\/p>\n<p>A soli 200 metri dall\u2019hotel si trova la fermata <strong>Barberini<\/strong> della metropolitana (linea A): da l\u00ec \u00e8 sufficiente arrivare a <strong>Termini<\/strong>, cambiare con la linea B e scendere a <strong>Circo Massimo<\/strong>. L\u2019ingresso dell\u2019area archeologica si raggiunge in pochi minuti a piedi.<\/p>\n<p>In alternativa, si pu\u00f2 optare per l\u2019<strong>autobus linea 160<\/strong> (direzione Montagnola) da <strong>Piazza Barberini<\/strong> fino alla fermata <strong>Baccelli<\/strong>: da qui, basta qualche minuto a piedi per arrivare in via delle Terme di Caracalla.<\/p>\n<p>Chi desidera un trasferimento pi\u00f9 comodo, invece, potr\u00e0 <strong>prenotare un transfer privato<\/strong> o richiedere un taxi direttamente in reception.<\/p>\n<p>Infine, per chi ama lasciarsi guidare dal ritmo della citt\u00e0, una <strong>passeggiata romantica<\/strong> al tramonto di circa 40 minuti conduce fino alle pendici dell\u2019<strong>Aventino<\/strong>, attraversando alcuni dei quartieri pi\u00f9 affascinanti di Roma, come i <strong>Rioni Trevi<\/strong> e <strong>Monti<\/strong>.<\/p>\n<p>Qualunque sia il mezzo scelto, giungere a Caracalla al calar del sole regala un senso di attesa sospesa, quasi sacrale: un preludio perfetto per lasciarsi avvolgere dal fascino struggente de <em>La Traviata<\/em>, mentre Roma \u2014 silenziosa e grandiosa \u2014 continua a raccontare la sua storia millenaria.<\/p>\n","protected":false},"excerpt":{"rendered":"<p>Terme di Caracalla, Roma Il capolavoro verdiano torna a emozionare alle Terme di Caracalla Sotto il cielo stellato di Roma, le monumentali Terme di Caracalla si preparano ad accogliere uno degli eventi pi\u00f9 attesi dell\u2019estate 2025: La Traviata di Giuseppe Verdi. Il celebre melodramma in tre atti, ispirato al romanzo La signora delle camelie di<\/p>\n<a href=\"https:\/\/www.triviho.com\/it\/blog\/lirica-destate-la-traviata-rivive-al-caracalla-festival-2025\/\" class=\"sohohotel-more-link\">Read More<i class=\"fa fa-angle-right\"><\/i><\/a>","protected":false},"author":2,"featured_media":18619,"comment_status":"closed","ping_status":"closed","sticky":false,"template":"","format":"standard","meta":{"footnotes":""},"categories":[69,66],"tags":[],"class_list":["post-18618","post","type-post","status-publish","format-standard","has-post-thumbnail","hentry","category-blog","category-concerti"],"yoast_head":"<!-- This site is optimized with the Yoast SEO plugin v28.4 - https:\/\/yoast.com\/product\/yoast-seo-wordpress\/ -->\n<title>Lirica d\u2019estate: La Traviata rivive al Caracalla Festival 2025 - TriviHo - Design Hotel Rome<\/title>\n<meta name=\"description\" content=\"Il capolavoro verdiano torna a emozionare alle Terme di Caracalla\" \/>\n<meta name=\"robots\" content=\"index, follow, max-snippet:-1, max-image-preview:large, max-video-preview:-1\" \/>\n<link rel=\"canonical\" href=\"https:\/\/www.triviho.com\/it\/blog\/lirica-destate-la-traviata-rivive-al-caracalla-festival-2025\/\" \/>\n<meta property=\"og:locale\" content=\"it_IT\" \/>\n<meta property=\"og:type\" content=\"article\" \/>\n<meta property=\"og:title\" content=\"Lirica d\u2019estate: La Traviata rivive al Caracalla Festival 2025 - TriviHo - Design Hotel Rome\" \/>\n<meta property=\"og:description\" content=\"Il capolavoro verdiano torna a emozionare alle Terme di Caracalla\" \/>\n<meta property=\"og:url\" content=\"https:\/\/www.triviho.com\/it\/blog\/lirica-destate-la-traviata-rivive-al-caracalla-festival-2025\/\" \/>\n<meta property=\"og:site_name\" content=\"TriviHo - Design Hotel Rome\" \/>\n<meta property=\"article:publisher\" content=\"https:\/\/www.facebook.com\/hoteltriviho\" \/>\n<meta property=\"article:published_time\" content=\"2025-06-26T07:54:29+00:00\" \/>\n<meta property=\"article:modified_time\" content=\"2025-06-26T08:38:10+00:00\" \/>\n<meta property=\"og:image\" content=\"https:\/\/www.triviho.com\/wp-content\/uploads\/2025\/06\/Terme-di-Carcalla-800x600-1.jpg\" \/>\n\t<meta property=\"og:image:width\" content=\"800\" \/>\n\t<meta property=\"og:image:height\" content=\"600\" \/>\n\t<meta property=\"og:image:type\" content=\"image\/jpeg\" \/>\n<meta name=\"author\" content=\"supporto\" \/>\n<meta name=\"twitter:card\" content=\"summary_large_image\" \/>\n<meta name=\"twitter:label1\" content=\"Scritto da\" \/>\n\t<meta name=\"twitter:data1\" content=\"supporto\" \/>\n\t<meta name=\"twitter:label2\" content=\"Tempo di lettura stimato\" \/>\n\t<meta name=\"twitter:data2\" content=\"5 minuti\" \/>\n<script type=\"application\/ld+json\" class=\"yoast-schema-graph\">{\"@context\":\"https:\\\/\\\/schema.org\",\"@graph\":[{\"@type\":\"Article\",\"@id\":\"https:\\\/\\\/www.triviho.com\\\/it\\\/blog\\\/lirica-destate-la-traviata-rivive-al-caracalla-festival-2025\\\/#article\",\"isPartOf\":{\"@id\":\"https:\\\/\\\/www.triviho.com\\\/it\\\/blog\\\/lirica-destate-la-traviata-rivive-al-caracalla-festival-2025\\\/\"},\"author\":{\"name\":\"supporto\",\"@id\":\"https:\\\/\\\/www.triviho.com\\\/#\\\/schema\\\/person\\\/1698367bbf4e4f089a8d484c627945f3\"},\"headline\":\"Lirica d\u2019estate: La Traviata rivive al Caracalla Festival 2025\",\"datePublished\":\"2025-06-26T07:54:29+00:00\",\"dateModified\":\"2025-06-26T08:38:10+00:00\",\"mainEntityOfPage\":{\"@id\":\"https:\\\/\\\/www.triviho.com\\\/it\\\/blog\\\/lirica-destate-la-traviata-rivive-al-caracalla-festival-2025\\\/\"},\"wordCount\":933,\"image\":{\"@id\":\"https:\\\/\\\/www.triviho.com\\\/it\\\/blog\\\/lirica-destate-la-traviata-rivive-al-caracalla-festival-2025\\\/#primaryimage\"},\"thumbnailUrl\":\"https:\\\/\\\/www.triviho.com\\\/wp-content\\\/uploads\\\/2025\\\/06\\\/Terme-di-Carcalla-800x600-1.jpg\",\"articleSection\":[\"Blog\",\"Concerti\"],\"inLanguage\":\"it-IT\"},{\"@type\":\"WebPage\",\"@id\":\"https:\\\/\\\/www.triviho.com\\\/it\\\/blog\\\/lirica-destate-la-traviata-rivive-al-caracalla-festival-2025\\\/\",\"url\":\"https:\\\/\\\/www.triviho.com\\\/it\\\/blog\\\/lirica-destate-la-traviata-rivive-al-caracalla-festival-2025\\\/\",\"name\":\"Lirica d\u2019estate: La Traviata rivive al Caracalla Festival 2025 - TriviHo - Design Hotel Rome\",\"isPartOf\":{\"@id\":\"https:\\\/\\\/www.triviho.com\\\/#website\"},\"primaryImageOfPage\":{\"@id\":\"https:\\\/\\\/www.triviho.com\\\/it\\\/blog\\\/lirica-destate-la-traviata-rivive-al-caracalla-festival-2025\\\/#primaryimage\"},\"image\":{\"@id\":\"https:\\\/\\\/www.triviho.com\\\/it\\\/blog\\\/lirica-destate-la-traviata-rivive-al-caracalla-festival-2025\\\/#primaryimage\"},\"thumbnailUrl\":\"https:\\\/\\\/www.triviho.com\\\/wp-content\\\/uploads\\\/2025\\\/06\\\/Terme-di-Carcalla-800x600-1.jpg\",\"datePublished\":\"2025-06-26T07:54:29+00:00\",\"dateModified\":\"2025-06-26T08:38:10+00:00\",\"author\":{\"@id\":\"https:\\\/\\\/www.triviho.com\\\/#\\\/schema\\\/person\\\/1698367bbf4e4f089a8d484c627945f3\"},\"description\":\"Il capolavoro verdiano torna a emozionare alle Terme di Caracalla\",\"breadcrumb\":{\"@id\":\"https:\\\/\\\/www.triviho.com\\\/it\\\/blog\\\/lirica-destate-la-traviata-rivive-al-caracalla-festival-2025\\\/#breadcrumb\"},\"inLanguage\":\"it-IT\",\"potentialAction\":[{\"@type\":\"ReadAction\",\"target\":[\"https:\\\/\\\/www.triviho.com\\\/it\\\/blog\\\/lirica-destate-la-traviata-rivive-al-caracalla-festival-2025\\\/\"]}]},{\"@type\":\"ImageObject\",\"inLanguage\":\"it-IT\",\"@id\":\"https:\\\/\\\/www.triviho.com\\\/it\\\/blog\\\/lirica-destate-la-traviata-rivive-al-caracalla-festival-2025\\\/#primaryimage\",\"url\":\"https:\\\/\\\/www.triviho.com\\\/wp-content\\\/uploads\\\/2025\\\/06\\\/Terme-di-Carcalla-800x600-1.jpg\",\"contentUrl\":\"https:\\\/\\\/www.triviho.com\\\/wp-content\\\/uploads\\\/2025\\\/06\\\/Terme-di-Carcalla-800x600-1.jpg\",\"width\":800,\"height\":600},{\"@type\":\"BreadcrumbList\",\"@id\":\"https:\\\/\\\/www.triviho.com\\\/it\\\/blog\\\/lirica-destate-la-traviata-rivive-al-caracalla-festival-2025\\\/#breadcrumb\",\"itemListElement\":[{\"@type\":\"ListItem\",\"position\":1,\"name\":\"Home\",\"item\":\"https:\\\/\\\/www.triviho.com\\\/it\\\/\"},{\"@type\":\"ListItem\",\"position\":2,\"name\":\"Lirica d\u2019estate: La Traviata rivive al Caracalla Festival 2025\"}]},{\"@type\":\"WebSite\",\"@id\":\"https:\\\/\\\/www.triviho.com\\\/#website\",\"url\":\"https:\\\/\\\/www.triviho.com\\\/\",\"name\":\"TriviHo - Design Hotel Rome\",\"description\":\"Rooms &amp; Suites in a luxury hotel in Rome city center\",\"potentialAction\":[{\"@type\":\"SearchAction\",\"target\":{\"@type\":\"EntryPoint\",\"urlTemplate\":\"https:\\\/\\\/www.triviho.com\\\/?s={search_term_string}\"},\"query-input\":{\"@type\":\"PropertyValueSpecification\",\"valueRequired\":true,\"valueName\":\"search_term_string\"}}],\"inLanguage\":\"it-IT\"},{\"@type\":\"Person\",\"@id\":\"https:\\\/\\\/www.triviho.com\\\/#\\\/schema\\\/person\\\/1698367bbf4e4f089a8d484c627945f3\",\"name\":\"supporto\",\"url\":\"https:\\\/\\\/www.triviho.com\\\/it\\\/author\\\/supporto\\\/\"}]}<\/script>\n<!-- \/ Yoast SEO plugin. -->","yoast_head_json":{"title":"Lirica d\u2019estate: La Traviata rivive al Caracalla Festival 2025 - TriviHo - Design Hotel Rome","description":"Il capolavoro verdiano torna a emozionare alle Terme di Caracalla","robots":{"index":"index","follow":"follow","max-snippet":"max-snippet:-1","max-image-preview":"max-image-preview:large","max-video-preview":"max-video-preview:-1"},"canonical":"https:\/\/www.triviho.com\/it\/blog\/lirica-destate-la-traviata-rivive-al-caracalla-festival-2025\/","og_locale":"it_IT","og_type":"article","og_title":"Lirica d\u2019estate: La Traviata rivive al Caracalla Festival 2025 - TriviHo - Design Hotel Rome","og_description":"Il capolavoro verdiano torna a emozionare alle Terme di Caracalla","og_url":"https:\/\/www.triviho.com\/it\/blog\/lirica-destate-la-traviata-rivive-al-caracalla-festival-2025\/","og_site_name":"TriviHo - Design Hotel Rome","article_publisher":"https:\/\/www.facebook.com\/hoteltriviho","article_published_time":"2025-06-26T07:54:29+00:00","article_modified_time":"2025-06-26T08:38:10+00:00","og_image":[{"width":800,"height":600,"url":"https:\/\/www.triviho.com\/wp-content\/uploads\/2025\/06\/Terme-di-Carcalla-800x600-1.jpg","type":"image\/jpeg"}],"author":"supporto","twitter_card":"summary_large_image","twitter_misc":{"Scritto da":"supporto","Tempo di lettura stimato":"5 minuti"},"schema":{"@context":"https:\/\/schema.org","@graph":[{"@type":"Article","@id":"https:\/\/www.triviho.com\/it\/blog\/lirica-destate-la-traviata-rivive-al-caracalla-festival-2025\/#article","isPartOf":{"@id":"https:\/\/www.triviho.com\/it\/blog\/lirica-destate-la-traviata-rivive-al-caracalla-festival-2025\/"},"author":{"name":"supporto","@id":"https:\/\/www.triviho.com\/#\/schema\/person\/1698367bbf4e4f089a8d484c627945f3"},"headline":"Lirica d\u2019estate: La Traviata rivive al Caracalla Festival 2025","datePublished":"2025-06-26T07:54:29+00:00","dateModified":"2025-06-26T08:38:10+00:00","mainEntityOfPage":{"@id":"https:\/\/www.triviho.com\/it\/blog\/lirica-destate-la-traviata-rivive-al-caracalla-festival-2025\/"},"wordCount":933,"image":{"@id":"https:\/\/www.triviho.com\/it\/blog\/lirica-destate-la-traviata-rivive-al-caracalla-festival-2025\/#primaryimage"},"thumbnailUrl":"https:\/\/www.triviho.com\/wp-content\/uploads\/2025\/06\/Terme-di-Carcalla-800x600-1.jpg","articleSection":["Blog","Concerti"],"inLanguage":"it-IT"},{"@type":"WebPage","@id":"https:\/\/www.triviho.com\/it\/blog\/lirica-destate-la-traviata-rivive-al-caracalla-festival-2025\/","url":"https:\/\/www.triviho.com\/it\/blog\/lirica-destate-la-traviata-rivive-al-caracalla-festival-2025\/","name":"Lirica d\u2019estate: La Traviata rivive al Caracalla Festival 2025 - TriviHo - Design Hotel Rome","isPartOf":{"@id":"https:\/\/www.triviho.com\/#website"},"primaryImageOfPage":{"@id":"https:\/\/www.triviho.com\/it\/blog\/lirica-destate-la-traviata-rivive-al-caracalla-festival-2025\/#primaryimage"},"image":{"@id":"https:\/\/www.triviho.com\/it\/blog\/lirica-destate-la-traviata-rivive-al-caracalla-festival-2025\/#primaryimage"},"thumbnailUrl":"https:\/\/www.triviho.com\/wp-content\/uploads\/2025\/06\/Terme-di-Carcalla-800x600-1.jpg","datePublished":"2025-06-26T07:54:29+00:00","dateModified":"2025-06-26T08:38:10+00:00","author":{"@id":"https:\/\/www.triviho.com\/#\/schema\/person\/1698367bbf4e4f089a8d484c627945f3"},"description":"Il capolavoro verdiano torna a emozionare alle Terme di Caracalla","breadcrumb":{"@id":"https:\/\/www.triviho.com\/it\/blog\/lirica-destate-la-traviata-rivive-al-caracalla-festival-2025\/#breadcrumb"},"inLanguage":"it-IT","potentialAction":[{"@type":"ReadAction","target":["https:\/\/www.triviho.com\/it\/blog\/lirica-destate-la-traviata-rivive-al-caracalla-festival-2025\/"]}]},{"@type":"ImageObject","inLanguage":"it-IT","@id":"https:\/\/www.triviho.com\/it\/blog\/lirica-destate-la-traviata-rivive-al-caracalla-festival-2025\/#primaryimage","url":"https:\/\/www.triviho.com\/wp-content\/uploads\/2025\/06\/Terme-di-Carcalla-800x600-1.jpg","contentUrl":"https:\/\/www.triviho.com\/wp-content\/uploads\/2025\/06\/Terme-di-Carcalla-800x600-1.jpg","width":800,"height":600},{"@type":"BreadcrumbList","@id":"https:\/\/www.triviho.com\/it\/blog\/lirica-destate-la-traviata-rivive-al-caracalla-festival-2025\/#breadcrumb","itemListElement":[{"@type":"ListItem","position":1,"name":"Home","item":"https:\/\/www.triviho.com\/it\/"},{"@type":"ListItem","position":2,"name":"Lirica d\u2019estate: La Traviata rivive al Caracalla Festival 2025"}]},{"@type":"WebSite","@id":"https:\/\/www.triviho.com\/#website","url":"https:\/\/www.triviho.com\/","name":"TriviHo - Design Hotel Rome","description":"Rooms &amp; Suites in a luxury hotel in Rome city center","potentialAction":[{"@type":"SearchAction","target":{"@type":"EntryPoint","urlTemplate":"https:\/\/www.triviho.com\/?s={search_term_string}"},"query-input":{"@type":"PropertyValueSpecification","valueRequired":true,"valueName":"search_term_string"}}],"inLanguage":"it-IT"},{"@type":"Person","@id":"https:\/\/www.triviho.com\/#\/schema\/person\/1698367bbf4e4f089a8d484c627945f3","name":"supporto","url":"https:\/\/www.triviho.com\/it\/author\/supporto\/"}]}},"_links":{"self":[{"href":"https:\/\/www.triviho.com\/it\/wp-json\/wp\/v2\/posts\/18618","targetHints":{"allow":["GET"]}}],"collection":[{"href":"https:\/\/www.triviho.com\/it\/wp-json\/wp\/v2\/posts"}],"about":[{"href":"https:\/\/www.triviho.com\/it\/wp-json\/wp\/v2\/types\/post"}],"author":[{"embeddable":true,"href":"https:\/\/www.triviho.com\/it\/wp-json\/wp\/v2\/users\/2"}],"replies":[{"embeddable":true,"href":"https:\/\/www.triviho.com\/it\/wp-json\/wp\/v2\/comments?post=18618"}],"version-history":[{"count":3,"href":"https:\/\/www.triviho.com\/it\/wp-json\/wp\/v2\/posts\/18618\/revisions"}],"predecessor-version":[{"id":18629,"href":"https:\/\/www.triviho.com\/it\/wp-json\/wp\/v2\/posts\/18618\/revisions\/18629"}],"wp:featuredmedia":[{"embeddable":true,"href":"https:\/\/www.triviho.com\/it\/wp-json\/wp\/v2\/media\/18619"}],"wp:attachment":[{"href":"https:\/\/www.triviho.com\/it\/wp-json\/wp\/v2\/media?parent=18618"}],"wp:term":[{"taxonomy":"category","embeddable":true,"href":"https:\/\/www.triviho.com\/it\/wp-json\/wp\/v2\/categories?post=18618"},{"taxonomy":"post_tag","embeddable":true,"href":"https:\/\/www.triviho.com\/it\/wp-json\/wp\/v2\/tags?post=18618"}],"curies":[{"name":"wp","href":"https:\/\/api.w.org\/{rel}","templated":true}]}}